{"id":6530,"date":"2026-09-02T09:01:07","date_gmt":"2026-09-02T07:01:07","guid":{"rendered":"https:\/\/www.spr.szczecin.pl\/new\/?p=6530"},"modified":"2026-09-02T09:55:24","modified_gmt":"2026-09-02T07:55:24","slug":"oskar-serpina-zalezy-mi-na-druzynie-odwaznej-swiadomej-swoich-mozliwosci-i-potrafiacej-zachowac-odpowiednia-reakcje-niezaleznie-od-sytuacji-na-boisku","status":"publish","type":"post","link":"https:\/\/www.spr.szczecin.pl\/new\/?p=6530","title":{"rendered":"Oskar Serpina: &#8220;Zale\u017cy mi na dru\u017cynie odwa\u017cnej, \u015bwiadomej swoich mo\u017cliwo\u015bci i potrafi\u0105cej zachowa\u0107 odpowiedni\u0105 reakcj\u0119 niezale\u017cnie od sytuacji na boisku&#8221;"},"content":{"rendered":"<p>Siedem sparing\u00f3w, tygodnie intensywnej pracy i coraz bli\u017cszy start sezonu 2026\/2027 LCK. Jak trener Oskar Serpina ocenia dotychczasowy okres przygotowawczy? Co uda\u0142o si\u0119 poprawi\u0107 od pierwszych trening\u00f3w i kt\u00f3ry z rozegranych mecz\u00f3w najlepiej pokaza\u0142 kierunek, w kt\u00f3rym chce pod\u0105\u017ca\u0107 zesp\u00f3\u0142? Rozmawiamy r\u00f3wnie\u017c o celach Pogoni na nowy sezon oraz o zmianie hali na SDS 2.0.<\/p>\n<p><strong>Za nami ponad po\u0142owa okresu przygotowawczego. Jaki on by\u0142 dla dru\u017cyny? Jak trener ocenia wykonan\u0105 prac\u0119?<\/strong><\/p>\n<p>Okres przygotowawczy do tej pory przebiega zgodnie z za\u0142o\u017conym planem. W tym sezonie zdecydowali\u015bmy si\u0119 nieco zmodyfikowa\u0107 jego struktur\u0119 i podzieli\u0107 go na trzy etapy &#8211; okres mocnej pracy, etap przej\u015bciowy oraz okres bezpo\u015bredniego przygotowania startowego. Szczeg\u00f3lnie zale\u017ca\u0142o mi na wyd\u0142u\u017ceniu tego ostatniego etapu, tak aby zawodniczki mia\u0142y wi\u0119cej czasu na osi\u0105gni\u0119cie odpowiedniej dyspozycji i wej\u015bcie w sezon w optymalnej formie. Na ten moment jestem zadowolony zar\u00f3wno z post\u0119p\u00f3w zespo\u0142u, jak i z korekt, kt\u00f3re wprowadzili\u015bmy wzgl\u0119dem ubieg\u0142ego sezonu. Uwa\u017cam, \u017ce obrany kierunek przygotowa\u0144 przynosi oczekiwane efekty.<\/p>\n<p><strong>Za nami 7 spotka\u0144 sparingowych, czy kt\u00f3re\u015b wed\u0142ug trenera by\u0142o najbardziej optymalne w kontek\u015bcie tego co dru\u017cyna chce pokaza\u0107 w nadchodz\u0105cym sezonie?<\/strong><\/p>\n<p>Mecze kontrolne by\u0142y dla nas bardzo wa\u017cnym elementem pracy, przede wszystkim z punktu widzenia sztabu szkoleniowego. W tym okresie du\u017co uwagi po\u015bwi\u0119cili\u015bmy mi\u0119dzy innymi uporz\u0105dkowaniu i uproszczeniu schemat\u00f3w poruszania si\u0119 w ataku pozycyjnym. Chcieli\u015bmy w ten spos\u00f3b jeszcze lepiej wykorzysta\u0107 predyspozycje naszych zawodniczek i da\u0107 im mo\u017cliwie du\u017co rozwi\u0105za\u0144 w zale\u017cno\u015bci od zachowania obrony czy ruchu poszczeg\u00f3lnych zawodniczek. Na ten moment mamy, moim zdaniem, optymaln\u0105 liczb\u0119 schemat\u00f3w, kt\u00f3re pozwalaj\u0105 nam zachowa\u0107 zar\u00f3wno powtarzalno\u015b\u0107, jak i elastyczno\u015b\u0107 w grze. Oczywi\u015bcie wa\u017cnym elementem by\u0142o r\u00f3wnie\u017c wkomponowanie zawodniczek, kt\u00f3re do\u0142\u0105czy\u0142y do nas w tym sezonie. Wprowadzili\u015bmy te\u017c sporo mniejszych korekt i detali. Ka\u017cda z tych zmian z osobna mo\u017ce nie jest rewolucyjna, ale z punktu widzenia funkcjonowania ca\u0142ego zespo\u0142u ma du\u017ce znaczenie.<\/p>\n<p>Po siedmiu spotkaniach kontrolnych mamy ju\u017c naprawd\u0119 du\u017co materia\u0142u do analizy. By\u0142 to czas, w kt\u00f3rym mogli\u015bmy nie tylko sprawdzi\u0107&nbsp; poszczeg\u00f3lne rozwi\u0105zania, ale przede wszystkim ugruntowa\u0107 nasz styl gry zar\u00f3wno w obronie, jak i w ataku. W du\u017cej mierze jest to kontynuacja kierunku, kt\u00f3ry obrali\u015bmy pod koniec ubieg\u0142ego sezonu. Ostatnie pi\u0119\u0107 spotka\u0144 poprzednich rozgrywek oraz obecny okres przygotowawczy pokazuj\u0105, w kt\u00f3r\u0105 stron\u0119 chcemy pod\u0105\u017ca\u0107 i jak ma wygl\u0105da\u0107 nasza gra. Dlatego nie wskazywa\u0142bym jednego sparingu jako tego najlepszego. Bardziej istotny jest dla mnie obraz ca\u0142ego procesu i jego powtarzalno\u015b\u0107. Zar\u00f3wno liczby, jak i obserwacje dotycz\u0105ce indywidualnej dyspozycji zawodniczek pokazuj\u0105, \u017ce idziemy w dobrym kierunku. Jestem z tego procesu zadowolony, cho\u0107 oczywi\u015bcie nadal mamy elementy, kt\u00f3re b\u0119dziemy poprawia\u0107.<\/p>\n<p><strong>Co uda\u0142o si\u0119 poprawi\u0107 w kontek\u015bcie od startu przygotowa\u0144 do teraz? A nad czym jeszcze b\u0119dziecie pracowa\u0107?&nbsp;<\/strong><\/p>\n<p>Tak jak wspomina\u0142em, obecny okres przygotowawczy jest kontynuacj\u0105 pracy, kt\u00f3r\u0105 rozpocz\u0119li\u015bmy ju\u017c w poprzednim sezonie. Na ten moment<br \/>\nnajbardziej cieszy mnie to, \u017ce we wszystkich siedmiu meczach kontrolnych prezentowali\u015bmy bardzo dobr\u0105 skuteczno\u015b\u0107 rzutow\u0105. \u0141\u0105cznie wynios\u0142a ona 69%, co jest bardzo dobrym wynikiem. R\u00f3wnie istotna jest dla nas liczba zdobywanych bramek &#8211; praktycznie w ka\u017cdym spotkaniu przekraczali\u015bmy granic\u0119 30 trafie\u0144. Dla por\u00f3wnania, w ubieg\u0142ym sezonie zdobywali\u015bmy \u015brednio 25,6 bramki na mecz przy 60% skuteczno\u015bci. W tych dw\u00f3ch elementach widzimy wi\u0119c wyra\u017any progres, na kt\u00f3rym szczeg\u00f3lnie nam zale\u017ca\u0142o.<\/p>\n<p>Warto jednak podkre\u015bli\u0107, \u017ce te wyniki nie s\u0105 przypadkiem. Po zako\u0144czeniu sezonu nie rozjechali\u015bmy si\u0119 do dom\u00f3w i nie czekali\u015bmy na rozpocz\u0119cie kolejnych przygotowa\u0144. Ca\u0142y maj oraz pocz\u0105tek czerwca przepracowali\u015bmy bardzo konkretnie, skupiaj\u0105c si\u0119 mi\u0119dzy innymi na skuteczno\u015bci rzutowej z r\u00f3\u017cnych obszar\u00f3w oraz poruszaniu si\u0119 na poszczeg\u00f3lnych pozycjach. Zawodniczki bardzo dobrze podesz\u0142y do tego procesu, ci\u0119\u017cko pracowa\u0142y i dzisiaj widz\u0105 efekty tej pracy. Chcia\u0142bym im za to szczeg\u00f3lnie podzi\u0119kowa\u0107.<\/p>\n<p>Jednocze\u015bnie nie mo\u017cemy patrze\u0107 wy\u0142\u0105cznie na to, co ju\u017c uda\u0142o si\u0119 poprawi\u0107. Sportowiec musi ca\u0142y czas pracowa\u0107 nad swoj\u0105 gr\u0105. Cz\u0119sto powtarzam dru\u017cynie, \u017ce po zwyci\u0119stwie przychodzi kolejny tydzie\u0144, w kt\u00f3rym od nowa trzeba ci\u0119\u017cko pracowa\u0107 na nast\u0119pny sukces. Nikt nie da nam niczego za darmo &#8211; ka\u017cdy tydzie\u0144 to walka o swoje. Chcia\u0142bym przede wszystkim, \u017ceby zawodniczki jeszcze mocniej uwierzy\u0142y w swoje mo\u017cliwo\u015bci. Maj\u0105 ju\u017c za sob\u0105 wiele sytuacji meczowych i do\u015bwiadcze\u0144, dlatego coraz trudniej nas czym\u015b zaskoczy\u0107. Jako sztab chcemy dawa\u0107 im poczucie pewno\u015bci i przekonanie, \u017ce s\u0105 w stanie realizowa\u0107 za\u0142o\u017cenia, kt\u00f3re sobie stawiamy. Tego samego oczekuj\u0119 od nich &#8211; wiary w siebie, odpowiedzialno\u015bci i dalszej ci\u0119\u017ckiej pracy.<\/p>\n<p><strong>Jak\u0105 Pogo\u0144 zobacz\u0105 kibice w sezonie 2026\/2027 &#8211; jakie cele s\u0105 stawiane przed zespo\u0142em?<\/strong><\/p>\n<p>Mamy jasno okre\u015blony wewn\u0119trzny cel, kt\u00f3ry chcemy realizowa\u0107, ale nie chcemy go publicznie deklarowa\u0107. Uwa\u017cam, \u017ce sukces lubi cisz\u0119, dlatego koncentrujemy si\u0119 przede wszystkim na tym, co jest przed nami. W tym momencie ca\u0142a nasza uwaga skupia si\u0119 ju\u017c na pierwszym meczu ligowym i przygotowaniu do niego. Nie chcemy wybiega\u0107 zbyt daleko w przysz\u0142o\u015b\u0107 &#8211; najwa\u017cniejsze jest dla nas to, co mo\u017cemy zrobi\u0107 tu i teraz. Mog\u0119 natomiast powiedzie\u0107, \u017ce je\u017celi b\u0119dziemy konsekwentnie realizowa\u0107 za\u0142o\u017cony cel, to wierz\u0119, \u017ce kibice b\u0119d\u0105 mieli wiele powod\u00f3w do zadowolenia.<\/p>\n<p>A jaka b\u0119dzie Pogo\u0144 w tym sezonie? Kierunek jest ju\u017c wyra\u017anie wyznaczony, a styl zespo\u0142u mo\u017cna by\u0142o obserwowa\u0107 na przestrzeni ostatnich kilkunastu spotka\u0144. Chcemy gra\u0107 bardzo ofensywnie w obu fazach &#8211; zar\u00f3wno w ataku, jak i w obronie, gdzie r\u00f3wnie\u017c chcemy wywiera\u0107 du\u017c\u0105 presj\u0119 na przeciwniku. Do tego chcemy by\u0107 zespo\u0142em bardzo silnym mentalnie. Zale\u017cy mi na dru\u017cynie odwa\u017cnej, \u015bwiadomej swoich mo\u017cliwo\u015bci i potrafi\u0105cej zachowa\u0107 odpowiedni\u0105 reakcj\u0119 niezale\u017cnie od sytuacji na boisku.<\/p>\n<p><strong>W sezonie 2026\/2027 mecze b\u0119d\u0105 rozgrywane na nowym obiekcie SDS 2.0 &#8211; jak trener ocenia zmian\u0119 miejsca?&nbsp;<\/strong><\/p>\n<p>Hala SDS 2.0 jest naprawd\u0119 pi\u0119knym obiektem i bardzo si\u0119 ciesz\u0119, \u017ce nasze \u015brodowisko &#8211; klub, zawodniczki i przede wszystkim kibice &#8211; b\u0119dzie<br \/>\nmog\u0142o funkcjonowa\u0107 w tak nowoczesnych i komfortowych warunkach. Mam ju\u017c sporo do\u015bwiadcze\u0144, zar\u00f3wno jako zawodnik, jak i trener, zwi\u0105zanych ze zmian\u0105 obiektu i wiem, \u017ce taka przeprowadzka wymaga odpowiedniej adaptacji. Dlatego ciesz\u0119 si\u0119, \u017ce przed pierwszym meczem ligowym na w\u0142asnym parkiecie b\u0119dziemy mieli mo\u017cliwo\u015b\u0107 trenowania w nowej hali i odpowiednio si\u0119 z ni\u0105 oswoi\u0107. Oczywi\u015bcie jako trener zawsze chcia\u0142bym mie\u0107 na to jeszcze wi\u0119cej czasu, ale ten okres powinien pozwoli\u0107 nam dobrze przygotowa\u0107 si\u0119 do gry w nowym miejscu. Sama hala, poza tym, \u017ce jest nowoczesna i spe\u0142nia wysokie standardy, ma dla mnie jeszcze jedn\u0105 wa\u017cn\u0105 cech\u0119 &#8211; jest bardzo kameralna. Dzi\u0119ki temu mo\u017cna szybko poczu\u0107 si\u0119 w niej jak w nowym, przytulnym domu. I w\u0142a\u015bnie tak chcia\u0142bym, \u017ceby\u015bmy j\u0105 traktowali. To ma by\u0107 nasz parkiet, na kt\u00f3rym b\u0119dziemy czuli si\u0119 pewnie i na kt\u00f3rym to my b\u0119dziemy stawia\u0107 warunki naszym przeciwnikom.<\/p>\n","protected":false},"excerpt":{"rendered":"<p>Siedem sparing\u00f3w, tygodnie intensywnej pracy i coraz bli\u017cszy start sezonu 2026\/2027 LCK. Jak trener Oskar Serpina ocenia dotychczasowy okres przygotowawczy? Co uda\u0142o si\u0119 poprawi\u0107 od pierwszych trening\u00f3w i kt\u00f3ry z rozegranych mecz\u00f3w najlepiej pokaza\u0142 kierunek, w kt\u00f3rym chce pod\u0105\u017ca\u0107 zesp\u00f3\u0142? Rozmawiamy r\u00f3wnie\u017c o celach Pogoni na nowy sezon oraz o zmianie hali na SDS 2.0&#8230;.<\/p>\n","protected":false},"author":2,"featured_media":5779,"comment_status":"closed","ping_status":"open","sticky":false,"template":"","format":"standard","meta":{"pagelayer_contact_templates":[],"_pagelayer_content":"","ngg_post_thumbnail":0,"footnotes":""},"categories":[52],"tags":[],"class_list":["post-6530","post","type-post","status-publish","format-standard","has-post-thumbnail","hentry","category-glowna"],"_links":{"self":[{"href":"https:\/\/www.spr.szczecin.pl\/new\/index.php?rest_route=\/wp\/v2\/posts\/6530","targetHints":{"allow":["GET"]}}],"collection":[{"href":"https:\/\/www.spr.szczecin.pl\/new\/index.php?rest_route=\/wp\/v2\/posts"}],"about":[{"href":"https:\/\/www.spr.szczecin.pl\/new\/index.php?rest_route=\/wp\/v2\/types\/post"}],"author":[{"embeddable":true,"href":"https:\/\/www.spr.szczecin.pl\/new\/index.php?rest_route=\/wp\/v2\/users\/2"}],"replies":[{"embeddable":true,"href":"https:\/\/www.spr.szczecin.pl\/new\/index.php?rest_route=%2Fwp%2Fv2%2Fcomments&post=6530"}],"version-history":[{"count":1,"href":"https:\/\/www.spr.szczecin.pl\/new\/index.php?rest_route=\/wp\/v2\/posts\/6530\/revisions"}],"predecessor-version":[{"id":6533,"href":"https:\/\/www.spr.szczecin.pl\/new\/index.php?rest_route=\/wp\/v2\/posts\/6530\/revisions\/6533"}],"wp:featuredmedia":[{"embeddable":true,"href":"https:\/\/www.spr.szczecin.pl\/new\/index.php?rest_route=\/wp\/v2\/media\/5779"}],"wp:attachment":[{"href":"https:\/\/www.spr.szczecin.pl\/new\/index.php?rest_route=%2Fwp%2Fv2%2Fmedia&parent=6530"}],"wp:term":[{"taxonomy":"category","embeddable":true,"href":"https:\/\/www.spr.szczecin.pl\/new\/index.php?rest_route=%2Fwp%2Fv2%2Fcategories&post=6530"},{"taxonomy":"post_tag","embeddable":true,"href":"https:\/\/www.spr.szczecin.pl\/new\/index.php?rest_route=%2Fwp%2Fv2%2Ftags&post=6530"}],"curies":[{"name":"wp","href":"https:\/\/api.w.org\/{rel}","templated":true}]}}