{"id":6500,"date":"2026-08-30T13:25:20","date_gmt":"2026-08-30T11:25:20","guid":{"rendered":"https:\/\/www.spr.szczecin.pl\/new\/?p=6500"},"modified":"2026-08-30T17:45:59","modified_gmt":"2026-08-30T15:45:59","slug":"milena-boryn-kibice-moga-spodziewac-sie-z-mojej-strony-szybkich-atakow-i-walki-o-kazda-pilke","status":"publish","type":"post","link":"https:\/\/www.spr.szczecin.pl\/new\/?p=6500","title":{"rendered":"Milena Bory\u0144: &#8220;Kibice mog\u0105 spodziewa\u0107 si\u0119 z mojej strony szybkich atak\u00f3w i walki o ka\u017cd\u0105 pi\u0142k\u0119&#8221;"},"content":{"rendered":"<p>Siedem sparing\u00f3w, tygodnie ci\u0119\u017ckiej pracy i coraz bli\u017cszy start sezonu. Milena Bory\u0144, nowa rozgrywaj\u0105ca szczeci\u0144skiej Pogoni, ma za sob\u0105 intensywny etap przygotowa\u0144. Jak ocenia aklimatyzacj\u0119 w zespole, progres dru\u017cyny i w\u0142asn\u0105 form\u0119? Zdradza r\u00f3wnie\u017c, czego kibice mog\u0105 spodziewa\u0107 si\u0119 po niej w nadchodz\u0105cym sezonie oraz jak podoba jej si\u0119 Szczecin.<\/p>\n<p><span class=\"im\"><strong>Jak przebieg\u0142 proces aklimatyzacji w zespole?<\/strong><\/span><\/p>\n<p><em>&nbsp;Z dnia na dzie\u0144 czuj\u0119 si\u0119 coraz lepiej w dru\u017cynie. Dziewczyny oraz sztab trenerski bardzo dobrze mnie przyj\u0119li, dzi\u0119ki czemu od pocz\u0105tku czu\u0142am si\u0119 tutaj swobodnie. Z ka\u017cdym treningiem coraz lepiej poznaj\u0119 zesp\u00f3\u0142 i spos\u00f3b pracy, wi\u0119c my\u015bl\u0119, \u017ce proces aklimatyzacji przebiega bardzo dobrze.<\/em><\/p>\n<p><strong>Za Wami ci\u0119\u017cki okres przygotowawczy, do tego rozegranych 7 sparing\u00f3w. Jak oceniasz ten czas z perspektywy zawodniczki?<\/strong><\/p>\n<p><em>Okres przygotowawczy to zawsze ci\u0119\u017ckie i intensywne treningi, by\u0142y momenty zm\u0119czenia, ale mimo tego dobrze i ci\u0119\u017cko pracowa\u0142y\u015bmy. Mam nadzieje \u017ce efekty b\u0119d\u0105 widoczne w lidze w trudnych momentach&nbsp;<\/em><br \/>\n<span class=\"im\"><br \/>\n<strong>Czy widzisz progres dru\u017cyny od momentu pierwszych trening\u00f3w do dnia dzisiejszego?&nbsp;<\/strong><\/span><\/p>\n<p><em>Tak, widz\u0119 progres. Z treningu na trening coraz lepiej si\u0119 rozumiemy i zgrywamy jako dru\u017cyna. Poprawi\u0142a si\u0119 przede wszystkim nasza komunikacja i organizacja gry.<\/em><\/p>\n<p><strong>Kt\u00f3re \u017ce spotka\u0144 by\u0142o wed\u0142ug Ciebie najlepszym sprawdzianem?<\/strong><\/p>\n<p><em>Wydaje mi si\u0119, \u017ce najlepszym sprawdzianem by\u0142 sparing z Koron\u0105 Kielce. Od momentu, kiedy wysz\u0142y\u015bmy na pewne prowadzenie, utrzyma\u0142y\u015bmy je do samego ko\u0144ca. Naszym celem by\u0142o wygra\u0107 ten turniej, wi\u0119c ten mecz by\u0142 tak\u0105 kropk\u0105 nad \u201ei\u201d.<\/em><\/p>\n<p><strong>Jak oceniasz swoj\u0105 predyspozycje, jest co\u015b jeszcze nad czym\u015b musisz popracowa\u0107?&nbsp;<\/strong><\/p>\n<p><em>Pi\u0142ka r\u0119czna to szybki i kontaktowy sport, dlatego wiem, \u017ce ca\u0142y czas mog\u0119 si\u0119 rozwija\u0107. Staram si\u0119 z ka\u017cdego treningu i meczu wyci\u0105ga\u0107 wnioski, poprawia\u0107 swoje b\u0142\u0119dy i pracowa\u0107 nad tym, \u017ceby by\u0107 coraz lepsz\u0105 zawodniczk\u0105.<\/em><\/p>\n<p><strong>Czego szczeci\u0144scy kibice mog\u0105 spodziewa\u0107 si\u0119 po Tobie w nadchodz\u0105cym sezonie?&nbsp;<\/strong><\/p>\n<p><em>Lubi\u0119 szybk\u0105 gr\u0119, dlatego kibice mog\u0105 spodziewa\u0107 si\u0119 z mojej strony szybkich atak\u00f3w i walki o ka\u017cd\u0105 pi\u0142k\u0119. Na pewno b\u0119d\u0119 stara\u0142a si\u0119 dawa\u0107 z siebie wszystko w ka\u017cdym meczu.<\/em><\/p>\n<p><strong>Czy uda\u0142o Ci si\u0119 zwiedzi\u0107 Szczecin? Jak wra\u017cenia, co ju\u017c widzia\u0142a\u015b?<\/strong><\/p>\n<p><em>Niestety, w nat\u0142oku trening\u00f3w nie mia\u0142am jeszcze zbyt wielu okazji, \u017ceby zwiedzi\u0107 Szczecin. Uda\u0142o mi si\u0119 jednak odwiedzi\u0107 Park Kasprowicza i oczywi\u015bcie spr\u00f3bowa\u0107 s\u0142ynnego szczeci\u0144skiego pasztecika. Przede mn\u0105 ca\u0142y sezon, wi\u0119c na pewno b\u0119d\u0119 mia\u0142a jeszcze okazj\u0119 odkrywa\u0107 nowe miejsca w Szczecinie.<\/em><\/p>\n<p><em><strong>Foto: Pawel Jakubowski Photography \/ pawi.pl&nbsp;<\/strong><\/em><\/p>\n","protected":false},"excerpt":{"rendered":"<p>Siedem sparing\u00f3w, tygodnie ci\u0119\u017ckiej pracy i coraz bli\u017cszy start sezonu. Milena Bory\u0144, nowa rozgrywaj\u0105ca szczeci\u0144skiej Pogoni, ma za sob\u0105 intensywny etap przygotowa\u0144. Jak ocenia aklimatyzacj\u0119 w zespole, progres dru\u017cyny i w\u0142asn\u0105 form\u0119? Zdradza r\u00f3wnie\u017c, czego kibice mog\u0105 spodziewa\u0107 si\u0119 po niej w nadchodz\u0105cym sezonie oraz jak podoba jej si\u0119 Szczecin. Jak przebieg\u0142 proces aklimatyzacji w&#8230;<\/p>\n","protected":false},"author":2,"featured_media":6504,"comment_status":"closed","ping_status":"open","sticky":false,"template":"","format":"standard","meta":{"pagelayer_contact_templates":[],"_pagelayer_content":"","ngg_post_thumbnail":0,"footnotes":""},"categories":[52],"tags":[],"class_list":["post-6500","post","type-post","status-publish","format-standard","has-post-thumbnail","hentry","category-glowna"],"_links":{"self":[{"href":"https:\/\/www.spr.szczecin.pl\/new\/index.php?rest_route=\/wp\/v2\/posts\/6500","targetHints":{"allow":["GET"]}}],"collection":[{"href":"https:\/\/www.spr.szczecin.pl\/new\/index.php?rest_route=\/wp\/v2\/posts"}],"about":[{"href":"https:\/\/www.spr.szczecin.pl\/new\/index.php?rest_route=\/wp\/v2\/types\/post"}],"author":[{"embeddable":true,"href":"https:\/\/www.spr.szczecin.pl\/new\/index.php?rest_route=\/wp\/v2\/users\/2"}],"replies":[{"embeddable":true,"href":"https:\/\/www.spr.szczecin.pl\/new\/index.php?rest_route=%2Fwp%2Fv2%2Fcomments&post=6500"}],"version-history":[{"count":5,"href":"https:\/\/www.spr.szczecin.pl\/new\/index.php?rest_route=\/wp\/v2\/posts\/6500\/revisions"}],"predecessor-version":[{"id":6512,"href":"https:\/\/www.spr.szczecin.pl\/new\/index.php?rest_route=\/wp\/v2\/posts\/6500\/revisions\/6512"}],"wp:featuredmedia":[{"embeddable":true,"href":"https:\/\/www.spr.szczecin.pl\/new\/index.php?rest_route=\/wp\/v2\/media\/6504"}],"wp:attachment":[{"href":"https:\/\/www.spr.szczecin.pl\/new\/index.php?rest_route=%2Fwp%2Fv2%2Fmedia&parent=6500"}],"wp:term":[{"taxonomy":"category","embeddable":true,"href":"https:\/\/www.spr.szczecin.pl\/new\/index.php?rest_route=%2Fwp%2Fv2%2Fcategories&post=6500"},{"taxonomy":"post_tag","embeddable":true,"href":"https:\/\/www.spr.szczecin.pl\/new\/index.php?rest_route=%2Fwp%2Fv2%2Ftags&post=6500"}],"curies":[{"name":"wp","href":"https:\/\/api.w.org\/{rel}","templated":true}]}}