{"id":6496,"date":"2026-08-30T11:26:16","date_gmt":"2026-08-30T09:26:16","guid":{"rendered":"https:\/\/www.spr.szczecin.pl\/new\/?p=6496"},"modified":"2026-08-30T11:54:57","modified_gmt":"2026-08-30T09:54:57","slug":"przygotowania-do-nowego-sezonu-lck-pogon-konczy-sparingowe-granie","status":"publish","type":"post","link":"https:\/\/www.spr.szczecin.pl\/new\/?p=6496","title":{"rendered":"Przygotowania do nowego sezonu LCK &#8211; Pogo\u0144 ko\u0144czy sparingowe granie"},"content":{"rendered":"<p>W sobot\u0119 w Koszalinie Pogo\u0144 Szczecin rozegra\u0142a ostatnie spotkanie sparingowe przed sezonem 2026\/2027. Szczecinianki maj\u0105 za sob\u0105 intensywny okres przygotowawczy, w kt\u00f3rym rozegra\u0142y 7 spotka\u0144, odnosz\u0105c 5 zwyci\u0119stw.<\/p>\n<p>Ekipa z Grodu Gryfa rozpocz\u0119\u0142a seri\u0119 mecz\u00f3w kontrolnych od starcia z Pi\u0142k\u0105 R\u0119czn\u0105 Koszalin. By\u0142y zesp\u00f3\u0142 Superligi, cho\u0107 mocno przemeblowany, nadal dysponuj\u0105cy solidnym sk\u0142adem, zaprezentowa\u0142 si\u0119 w Szczecinie z dobrej strony. Ostatecznie to jednak Pogo\u0144 by\u0142a lepsza, wygrywaj\u0105c 32:31.<\/p>\n<p>Nast\u0119pnie podopieczne Oskara Serpiny i Agnieszki Biernackiej uda\u0142y si\u0119 na Turniej o Puchar Prezydenta Miasta Elbl\u0105ga. W pierwszym spotkaniu szczecinianki pokona\u0142y ligowe kole\u017canki z Energa Sambor Tczew 29:26, a nast\u0119pnie po bardzo dobrym meczu zwyci\u0119\u017cy\u0142y gospodynie \u2013 Energa Start Elbl\u0105g 40:33.<\/p>\n<p>Kolejny tydzie\u0144 przyni\u00f3s\u0142 wyjazd do P\u0142ocka, gdzie Pogo\u0144 na zaproszenie Jutrzenki wzi\u0119\u0142a udzia\u0142 w Turnieju o Puchar Starosty P\u0142ockiego. Granatowo-bordowe rozpocz\u0119\u0142y od wysokiego zwyci\u0119stwa nad Handball Warszawa 39:22, a nast\u0119pnie pokona\u0142y gospodynie 32:27, zapewniaj\u0105c sobie awans do fina\u0142u.<\/p>\n<p>W decyduj\u0105cym spotkaniu szczecinianki zmierzy\u0142y si\u0119 z Koron\u0105 Handball Kielce. Pogo\u0144 ponownie pokaza\u0142a dobr\u0105 dyspozycj\u0119 i zwyci\u0119\u017cy\u0142a 33:23, si\u0119gaj\u0105c po triumf w ca\u0142ym turnieju.<\/p>\n<p>Na zako\u0144czenie okresu przygotowawczego zesp\u00f3\u0142 uda\u0142 si\u0119 do Koszalina na rewan\u017cowe spotkanie z miejscow\u0105 Pi\u0142k\u0105 R\u0119czn\u0105 Koszalin. Tym razem po niezwykle zaci\u0119tym spotkaniu lepsze okaza\u0142y si\u0119 gospodynie, kt\u00f3re zwyci\u0119\u017cy\u0142y 33:32, zdobywaj\u0105c decyduj\u0105c\u0105 bramk\u0119 w ostatnich sekundach meczu.<\/p>\n<p>Bilans siedmiu sparing\u00f3w to 5 zwyci\u0119stw i 2 pora\u017cki. Teraz przed Pogoni\u0105 ostatnie tygodnie pracy i przygotowa\u0144 ju\u017c bezpo\u015brednio do walki o ligowe punkty.<\/p>\n<p>Szczecinianki nadal trenuj\u0105 na w\u0142asnych obiektach. Inauguracja sezonu 2026\/2027 Ligi Centralnej Kobiet odb\u0119dzie si\u0119 12 wrze\u015bnia. Na otwarcie rozgrywek Pogo\u0144 Szczecin uda si\u0119 do P\u0142ocka, gdzie zmierzy si\u0119 z SMS ZPRP I P\u0142ock.<\/p>\n<p>Tydzie\u0144 p\u00f3\u017aniej granatowo-bordowe po raz pierwszy w nowym sezonie zaprezentuj\u0105 si\u0119 przed w\u0142asn\u0105 publiczno\u015bci\u0105. 19 wrze\u015bnia w Szczecinie Pogo\u0144 podejmie Koron\u0119 Handball Kielce.<\/p>\n<p>Do pierwszego meczu o punkty pozosta\u0142y ju\u017c tylko dwa tygodnie.<\/p>\n<p><strong>Szczecin, 8 sierpnia (mecz sparingowy)<\/strong><\/p>\n<p>18:00,&nbsp;<strong>SPR Pogo\u0144 Szczecin<\/strong>&nbsp;\u2013 Pi\u0142ka R\u0119czna Koszalin, 32:31<\/p>\n<p>&nbsp;<\/p>\n<p><strong>Elbl\u0105g, 15 sierpnia (Turniej o Puchar Prezydenta Miasta Elbl\u0105ga \u2013 zaj\u0119te 2 miejsce)<\/strong><\/p>\n<p>14:00, Energa Sambor Tczew \u2013&nbsp;<strong>SPR Pogo\u0144 Szczecin<\/strong>, 26:29<\/p>\n<p>17:00,&nbsp;<strong>Energa Start Elbl\u0105g<\/strong>&nbsp;\u2013 SPR Pogo\u0144 Szczecin, 40:33<\/p>\n<p>&nbsp;<\/p>\n<p><strong>P\u0142ock, 22-23 sierpnia (Turniej o Puchar Starosty P\u0142ockiego \u2013 zaj\u0119te 1 miejsce)<\/strong><\/p>\n<p>14:00&nbsp;<strong>SPR Pogo\u0144 Szczecin<\/strong>&nbsp;\u2013 Handball AZS AWF Warszawa, 39:22<\/p>\n<p>17:30 MMKS Jutrzenka P\u0142ock \u2013&nbsp;<strong>SPR Pogo\u0144 Szczecin,<\/strong>&nbsp;27:32<\/p>\n<p>Niedziela, 23.08<\/p>\n<p>13:10&nbsp;<strong>SPR Pogo\u0144 Szczecin<\/strong>&nbsp;\u2013 Korona Handball Kielce, 33:23<\/p>\n<p>&nbsp;<\/p>\n<p><strong>Koszalin, 29 sierpnia, (mecz sparingowy \u2013 hala Gwardii)<\/strong><\/p>\n<p>15:30&nbsp;<strong>Pi\u0142ka R\u0119czna Koszalin<\/strong>&nbsp;\u2013 SPR Pogo\u0144 Szczecin, 33:32<\/p>\n","protected":false},"excerpt":{"rendered":"<p>W sobot\u0119 w Koszalinie Pogo\u0144 Szczecin rozegra\u0142a ostatnie spotkanie sparingowe przed sezonem 2026\/2027. Szczecinianki maj\u0105 za sob\u0105 intensywny okres przygotowawczy, w kt\u00f3rym rozegra\u0142y 7 spotka\u0144, odnosz\u0105c 5 zwyci\u0119stw. Ekipa z Grodu Gryfa rozpocz\u0119\u0142a seri\u0119 mecz\u00f3w kontrolnych od starcia z Pi\u0142k\u0105 R\u0119czn\u0105 Koszalin. By\u0142y zesp\u00f3\u0142 Superligi, cho\u0107 mocno przemeblowany, nadal dysponuj\u0105cy solidnym sk\u0142adem, zaprezentowa\u0142 si\u0119 w&#8230;<\/p>\n","protected":false},"author":2,"featured_media":6286,"comment_status":"closed","ping_status":"open","sticky":false,"template":"","format":"standard","meta":{"pagelayer_contact_templates":[],"_pagelayer_content":"","ngg_post_thumbnail":0,"footnotes":""},"categories":[31],"tags":[],"class_list":["post-6496","post","type-post","status-publish","format-standard","has-post-thumbnail","hentry","category-aktualnosci"],"_links":{"self":[{"href":"https:\/\/www.spr.szczecin.pl\/new\/index.php?rest_route=\/wp\/v2\/posts\/6496","targetHints":{"allow":["GET"]}}],"collection":[{"href":"https:\/\/www.spr.szczecin.pl\/new\/index.php?rest_route=\/wp\/v2\/posts"}],"about":[{"href":"https:\/\/www.spr.szczecin.pl\/new\/index.php?rest_route=\/wp\/v2\/types\/post"}],"author":[{"embeddable":true,"href":"https:\/\/www.spr.szczecin.pl\/new\/index.php?rest_route=\/wp\/v2\/users\/2"}],"replies":[{"embeddable":true,"href":"https:\/\/www.spr.szczecin.pl\/new\/index.php?rest_route=%2Fwp%2Fv2%2Fcomments&post=6496"}],"version-history":[{"count":2,"href":"https:\/\/www.spr.szczecin.pl\/new\/index.php?rest_route=\/wp\/v2\/posts\/6496\/revisions"}],"predecessor-version":[{"id":6506,"href":"https:\/\/www.spr.szczecin.pl\/new\/index.php?rest_route=\/wp\/v2\/posts\/6496\/revisions\/6506"}],"wp:featuredmedia":[{"embeddable":true,"href":"https:\/\/www.spr.szczecin.pl\/new\/index.php?rest_route=\/wp\/v2\/media\/6286"}],"wp:attachment":[{"href":"https:\/\/www.spr.szczecin.pl\/new\/index.php?rest_route=%2Fwp%2Fv2%2Fmedia&parent=6496"}],"wp:term":[{"taxonomy":"category","embeddable":true,"href":"https:\/\/www.spr.szczecin.pl\/new\/index.php?rest_route=%2Fwp%2Fv2%2Fcategories&post=6496"},{"taxonomy":"post_tag","embeddable":true,"href":"https:\/\/www.spr.szczecin.pl\/new\/index.php?rest_route=%2Fwp%2Fv2%2Ftags&post=6496"}],"curies":[{"name":"wp","href":"https:\/\/api.w.org\/{rel}","templated":true}]}}